{"id":2615,"date":"2017-08-07T15:02:26","date_gmt":"2017-08-07T13:02:26","guid":{"rendered":"http:\/\/web.hamradio.hr\/9a1ccy\/?p=2615"},"modified":"2017-08-07T15:02:26","modified_gmt":"2017-08-07T13:02:26","slug":"prva-sota-aktivacija","status":"publish","type":"post","link":"http:\/\/web.hamradio.hr\/9a1ccy\/?p=2615","title":{"rendered":"Prva SOTA aktivacija"},"content":{"rendered":"<p>Ju\u010der poslijepodne \u010dlanovi kluba su po prvi puta napravili SOTA (Summits od the Air) aktivaciju. Nakon uspona na Crni vrh pomo\u0107u vokaca odr\u017eali su nekoliko veza te po prvi puta od po\u010detka programa aktivirali 9A\/IH-004.<a href=\"http:\/\/web.hamradio.hr\/9a1ccy\/wp-content\/uploads\/2017\/08\/9A_IH-004.jpg\"><img loading=\"lazy\" decoding=\"async\" class=\"alignnone size-full wp-image-2616\" src=\"http:\/\/web.hamradio.hr\/9a1ccy\/wp-content\/uploads\/2017\/08\/9A_IH-004.jpg\" alt=\"\" width=\"800\" height=\"952\" srcset=\"http:\/\/web.hamradio.hr\/9a1ccy\/wp-content\/uploads\/2017\/08\/9A_IH-004.jpg 800w, http:\/\/web.hamradio.hr\/9a1ccy\/wp-content\/uploads\/2017\/08\/9A_IH-004-252x300.jpg 252w, http:\/\/web.hamradio.hr\/9a1ccy\/wp-content\/uploads\/2017\/08\/9A_IH-004-768x914.jpg 768w\" sizes=\"auto, (max-width: 800px) 100vw, 800px\" \/><\/a><\/p>\n","protected":false},"excerpt":{"rendered":"<div class=\"entry-summary\">\nJu\u010der poslijepodne \u010dlanovi kluba su po prvi puta napravili SOTA (Summits od the Air) aktivaciju. Nakon uspona na Crni vrh&hellip;\n<\/div>\n<div class=\"link-more\"><a href=\"http:\/\/web.hamradio.hr\/9a1ccy\/?p=2615\" class=\"more-link\">Continue reading<span class=\"screen-reader-text\"> &ldquo;Prva SOTA aktivacija&rdquo;<\/span>&hellip;<\/a><\/div>\n","protected":false},"author":1,"featured_media":0,"comment_status":"closed","ping_status":"closed","sticky":false,"template":"","format":"standard","meta":{"footnotes":""},"categories":[2],"tags":[],"class_list":["post-2615","post","type-post","status-publish","format-standard","hentry","category-razno","entry"],"_links":{"self":[{"href":"http:\/\/web.hamradio.hr\/9a1ccy\/index.php?rest_route=\/wp\/v2\/posts\/2615","targetHints":{"allow":["GET"]}}],"collection":[{"href":"http:\/\/web.hamradio.hr\/9a1ccy\/index.php?rest_route=\/wp\/v2\/posts"}],"about":[{"href":"http:\/\/web.hamradio.hr\/9a1ccy\/index.php?rest_route=\/wp\/v2\/types\/post"}],"author":[{"embeddable":true,"href":"http:\/\/web.hamradio.hr\/9a1ccy\/index.php?rest_route=\/wp\/v2\/users\/1"}],"replies":[{"embeddable":true,"href":"http:\/\/web.hamradio.hr\/9a1ccy\/index.php?rest_route=%2Fwp%2Fv2%2Fcomments&post=2615"}],"version-history":[{"count":1,"href":"http:\/\/web.hamradio.hr\/9a1ccy\/index.php?rest_route=\/wp\/v2\/posts\/2615\/revisions"}],"predecessor-version":[{"id":2617,"href":"http:\/\/web.hamradio.hr\/9a1ccy\/index.php?rest_route=\/wp\/v2\/posts\/2615\/revisions\/2617"}],"wp:attachment":[{"href":"http:\/\/web.hamradio.hr\/9a1ccy\/index.php?rest_route=%2Fwp%2Fv2%2Fmedia&parent=2615"}],"wp:term":[{"taxonomy":"category","embeddable":true,"href":"http:\/\/web.hamradio.hr\/9a1ccy\/index.php?rest_route=%2Fwp%2Fv2%2Fcategories&post=2615"},{"taxonomy":"post_tag","embeddable":true,"href":"http:\/\/web.hamradio.hr\/9a1ccy\/index.php?rest_route=%2Fwp%2Fv2%2Ftags&post=2615"}],"curies":[{"name":"wp","href":"https:\/\/api.w.org\/{rel}","templated":true}]}}